{"id":2268,"date":"2025-08-20T21:30:02","date_gmt":"2025-08-20T19:30:02","guid":{"rendered":"https:\/\/paroisses-guidel.fr\/?p=2268"},"modified":"2025-08-20T21:30:02","modified_gmt":"2025-08-20T19:30:02","slug":"prier-lete","status":"publish","type":"post","link":"https:\/\/paroisses-guidel.fr\/index.php\/2025\/08\/20\/prier-lete\/","title":{"rendered":"Prier l&rsquo;\u00e9t\u00e9 &#8230;"},"content":{"rendered":"<div class=\"wp-block-image\">\n<figure class=\"aligncenter size-large\"><img loading=\"lazy\" decoding=\"async\" width=\"768\" height=\"1024\" src=\"https:\/\/paroisses-guidel.fr\/wp-content\/uploads\/2025\/07\/WhatsApp-Image-2025-06-23-a-22.06.50_6c64ce2e-768x1024.jpg\" alt=\"\" class=\"wp-image-4440\" srcset=\"https:\/\/paroisses-guidel.fr\/wp-content\/uploads\/2025\/07\/WhatsApp-Image-2025-06-23-a-22.06.50_6c64ce2e-768x1024.jpg 768w, https:\/\/paroisses-guidel.fr\/wp-content\/uploads\/2025\/07\/WhatsApp-Image-2025-06-23-a-22.06.50_6c64ce2e-225x300.jpg 225w, https:\/\/paroisses-guidel.fr\/wp-content\/uploads\/2025\/07\/WhatsApp-Image-2025-06-23-a-22.06.50_6c64ce2e.jpg 1086w\" sizes=\"auto, (max-width: 768px) 100vw, 768px\" \/><\/figure>\n<\/div>\n\n\n<p>La p\u00e9riode estivale peut \u00eatre un temps privil\u00e9gi\u00e9 pour approfondir notre vie de pri\u00e8re, notre relation avec le Seigneur. Que nous soyons en vacances ou non, il faut souvent nous adapter \u00e0 une spiritualit\u00e9 du grand air o\u00f9 r\u00e8gnent l\u2019inconnu et l\u2019impr\u00e9vu.<\/p>\n\n\n\n<p>La pri\u00e8re durant l\u2019\u00e9t\u00e9 est surtout louange et repos. Louange sur les chemins de randonn\u00e9e, sur les plages ensoleill\u00e9es ou ailleurs ; louange parmi les arbres des for\u00eats et les mus\u00e9es des villes ; louange \u00e0 pied, \u00e0 v\u00e9lo, en auto, en train ; louange pr\u00e8s des feux de camp et dans la brise ti\u00e8de du soir ou la pl\u00e9nitude de l&rsquo;aurore ; louange d\u2019une pri\u00e8re de silence, dans laquelle J\u00e9sus nous refait de l\u2019int\u00e9rieur.<\/p>\n\n\n\n<p><\/p>\n","protected":false},"excerpt":{"rendered":"<p>La p\u00e9riode estivale peut \u00eatre un temps privil\u00e9gi\u00e9 pour approfondir notre vie de pri\u00e8re, notre relation avec le Seigneur. Que nous soyons en vacances ou non, il faut souvent nous adapter \u00e0 une spiritualit\u00e9 du grand air o\u00f9 r\u00e8gnent l\u2019inconnu et l\u2019impr\u00e9vu. La pri\u00e8re durant l\u2019\u00e9t\u00e9 est surtout louange et repos. Louange sur les chemins<a class=\"more-link\" href=\"https:\/\/paroisses-guidel.fr\/index.php\/2025\/08\/20\/prier-lete\/\">Lire la suite <span class=\"screen-reader-text\">\u00ab\u00a0Prier l&rsquo;\u00e9t\u00e9 &#8230;\u00a0\u00bb<\/span><\/a><\/p>\n","protected":false},"author":2,"featured_media":2269,"comment_status":"closed","ping_status":"","sticky":false,"template":"","format":"standard","meta":{"iawp_total_views":125,"footnotes":""},"categories":[4],"tags":[],"class_list":["post-2268","post","type-post","status-publish","format-standard","has-post-thumbnail","hentry","category-actualites","entry"],"_links":{"self":[{"href":"https:\/\/paroisses-guidel.fr\/index.php\/wp-json\/wp\/v2\/posts\/2268","targetHints":{"allow":["GET"]}}],"collection":[{"href":"https:\/\/paroisses-guidel.fr\/index.php\/wp-json\/wp\/v2\/posts"}],"about":[{"href":"https:\/\/paroisses-guidel.fr\/index.php\/wp-json\/wp\/v2\/types\/post"}],"author":[{"embeddable":true,"href":"https:\/\/paroisses-guidel.fr\/index.php\/wp-json\/wp\/v2\/users\/2"}],"replies":[{"embeddable":true,"href":"https:\/\/paroisses-guidel.fr\/index.php\/wp-json\/wp\/v2\/comments?post=2268"}],"version-history":[{"count":5,"href":"https:\/\/paroisses-guidel.fr\/index.php\/wp-json\/wp\/v2\/posts\/2268\/revisions"}],"predecessor-version":[{"id":4441,"href":"https:\/\/paroisses-guidel.fr\/index.php\/wp-json\/wp\/v2\/posts\/2268\/revisions\/4441"}],"wp:featuredmedia":[{"embeddable":true,"href":"https:\/\/paroisses-guidel.fr\/index.php\/wp-json\/wp\/v2\/media\/2269"}],"wp:attachment":[{"href":"https:\/\/paroisses-guidel.fr\/index.php\/wp-json\/wp\/v2\/media?parent=2268"}],"wp:term":[{"taxonomy":"category","embeddable":true,"href":"https:\/\/paroisses-guidel.fr\/index.php\/wp-json\/wp\/v2\/categories?post=2268"},{"taxonomy":"post_tag","embeddable":true,"href":"https:\/\/paroisses-guidel.fr\/index.php\/wp-json\/wp\/v2\/tags?post=2268"}],"curies":[{"name":"wp","href":"https:\/\/api.w.org\/{rel}","templated":true}]}}