{"id":2648,"date":"2025-09-13T08:29:44","date_gmt":"2025-09-13T06:29:44","guid":{"rendered":"https:\/\/paroisses-guidel.fr\/?p=2648"},"modified":"2025-09-13T08:29:44","modified_gmt":"2025-09-13T06:29:44","slug":"nous-vous-attendons","status":"publish","type":"post","link":"https:\/\/paroisses-guidel.fr\/index.php\/2025\/09\/13\/nous-vous-attendons\/","title":{"rendered":"Journ\u00e9e de rentr\u00e9e paroissiale"},"content":{"rendered":"\n<p><strong>Dimanche 14 septembre<\/strong>, nous sommes tous attendus afin de vivre une journ\u00e9e de rentr\u00e9e paroissiale. <strong>Messe d\u2019accueil des nouveaux arrivants, de rentr\u00e9e paroissiale et d\u2019entr\u00e9e en cat\u00e9chum\u00e9nat<\/strong> (pour les adultes qui seront baptis\u00e9s \u00e0 P\u00e2ques 2026)\u00a0<strong>suivie de la b\u00e9n\u00e9diction de l\u2019espace d\u2019accueil de la maison paroissiale et d\u2019un repas partag\u00e9<\/strong> au self du coll\u00e8ge Saint Jean La Salle. Chacun apporte salade compos\u00e9e, quiche ou dessert \u00e0 partager.<\/p>\n\n\n\n<p><\/p>\n","protected":false},"excerpt":{"rendered":"<p>Dimanche 14 septembre, nous sommes tous attendus afin de vivre une journ\u00e9e de rentr\u00e9e paroissiale. Messe d\u2019accueil des nouveaux arrivants, de rentr\u00e9e paroissiale et d\u2019entr\u00e9e en cat\u00e9chum\u00e9nat (pour les adultes qui seront baptis\u00e9s \u00e0 P\u00e2ques 2026)\u00a0suivie de la b\u00e9n\u00e9diction de l\u2019espace d\u2019accueil de la maison paroissiale et d\u2019un repas partag\u00e9 au self du coll\u00e8ge Saint<a class=\"more-link\" href=\"https:\/\/paroisses-guidel.fr\/index.php\/2025\/09\/13\/nous-vous-attendons\/\">Lire la suite <span class=\"screen-reader-text\">\u00ab\u00a0Journ\u00e9e de rentr\u00e9e paroissiale\u00a0\u00bb<\/span><\/a><\/p>\n","protected":false},"author":2,"featured_media":4871,"comment_status":"closed","ping_status":"","sticky":false,"template":"","format":"standard","meta":{"iawp_total_views":147,"footnotes":""},"categories":[4],"tags":[],"class_list":["post-2648","post","type-post","status-publish","format-standard","has-post-thumbnail","hentry","category-actualites","entry"],"_links":{"self":[{"href":"https:\/\/paroisses-guidel.fr\/index.php\/wp-json\/wp\/v2\/posts\/2648","targetHints":{"allow":["GET"]}}],"collection":[{"href":"https:\/\/paroisses-guidel.fr\/index.php\/wp-json\/wp\/v2\/posts"}],"about":[{"href":"https:\/\/paroisses-guidel.fr\/index.php\/wp-json\/wp\/v2\/types\/post"}],"author":[{"embeddable":true,"href":"https:\/\/paroisses-guidel.fr\/index.php\/wp-json\/wp\/v2\/users\/2"}],"replies":[{"embeddable":true,"href":"https:\/\/paroisses-guidel.fr\/index.php\/wp-json\/wp\/v2\/comments?post=2648"}],"version-history":[{"count":15,"href":"https:\/\/paroisses-guidel.fr\/index.php\/wp-json\/wp\/v2\/posts\/2648\/revisions"}],"predecessor-version":[{"id":4889,"href":"https:\/\/paroisses-guidel.fr\/index.php\/wp-json\/wp\/v2\/posts\/2648\/revisions\/4889"}],"wp:featuredmedia":[{"embeddable":true,"href":"https:\/\/paroisses-guidel.fr\/index.php\/wp-json\/wp\/v2\/media\/4871"}],"wp:attachment":[{"href":"https:\/\/paroisses-guidel.fr\/index.php\/wp-json\/wp\/v2\/media?parent=2648"}],"wp:term":[{"taxonomy":"category","embeddable":true,"href":"https:\/\/paroisses-guidel.fr\/index.php\/wp-json\/wp\/v2\/categories?post=2648"},{"taxonomy":"post_tag","embeddable":true,"href":"https:\/\/paroisses-guidel.fr\/index.php\/wp-json\/wp\/v2\/tags?post=2648"}],"curies":[{"name":"wp","href":"https:\/\/api.w.org\/{rel}","templated":true}]}}