{"id":2705,"date":"2024-09-07T21:13:31","date_gmt":"2024-09-07T19:13:31","guid":{"rendered":"https:\/\/paroisses-guidel.fr\/?p=2705"},"modified":"2024-09-07T21:13:31","modified_gmt":"2024-09-07T19:13:31","slug":"la-paroisse-au-forum-des-associations-de-guidel","status":"publish","type":"post","link":"https:\/\/paroisses-guidel.fr\/index.php\/2024\/09\/07\/la-paroisse-au-forum-des-associations-de-guidel\/","title":{"rendered":"La paroisse au forum des associations de Guidel"},"content":{"rendered":"\n<p>Samedi 7 septembre, pr\u00e9sence de la paroisse au forum des associations de 10h00 \u00e0 17h00 avec Marcelle, Isabelle, Blandine, Olivier, R\u00e9gine, Fran\u00e7oise, Louis, Marie-Laure, Gilles et Marie-Jos\u00e8phe. Merci \u00e0 toute l&rsquo;\u00e9quipe !<\/p>\n\n\n\n<figure class=\"wp-block-image size-large\"><img loading=\"lazy\" decoding=\"async\" width=\"1024\" height=\"768\" src=\"https:\/\/paroisses-guidel.fr\/wp-content\/uploads\/2024\/09\/Forum12024-1024x768.jpg\" alt=\"\" class=\"wp-image-2707\" srcset=\"https:\/\/paroisses-guidel.fr\/wp-content\/uploads\/2024\/09\/Forum12024-1024x768.jpg 1024w, https:\/\/paroisses-guidel.fr\/wp-content\/uploads\/2024\/09\/Forum12024-300x225.jpg 300w, https:\/\/paroisses-guidel.fr\/wp-content\/uploads\/2024\/09\/Forum12024-768x576.jpg 768w, https:\/\/paroisses-guidel.fr\/wp-content\/uploads\/2024\/09\/Forum12024-1536x1152.jpg 1536w, https:\/\/paroisses-guidel.fr\/wp-content\/uploads\/2024\/09\/Forum12024-2048x1536.jpg 2048w, https:\/\/paroisses-guidel.fr\/wp-content\/uploads\/2024\/09\/Forum12024-1568x1176.jpg 1568w\" sizes=\"auto, (max-width: 1024px) 100vw, 1024px\" \/><\/figure>\n\n\n\n<p>Un stand accueillant pour rencontrer, informer, appeler &#8230; <\/p>\n","protected":false},"excerpt":{"rendered":"<p>Samedi 7 septembre, pr\u00e9sence de la paroisse au forum des associations de 10h00 \u00e0 17h00 avec Marcelle, Isabelle, Blandine, Olivier, R\u00e9gine, Fran\u00e7oise, Louis, Marie-Laure, Gilles et Marie-Jos\u00e8phe. Merci \u00e0 toute l&rsquo;\u00e9quipe ! Un stand accueillant pour rencontrer, informer, appeler &#8230;<\/p>\n","protected":false},"author":2,"featured_media":2706,"comment_status":"closed","ping_status":"","sticky":false,"template":"","format":"standard","meta":{"iawp_total_views":37,"footnotes":""},"categories":[4],"tags":[],"class_list":["post-2705","post","type-post","status-publish","format-standard","has-post-thumbnail","hentry","category-actualites","entry"],"_links":{"self":[{"href":"https:\/\/paroisses-guidel.fr\/index.php\/wp-json\/wp\/v2\/posts\/2705","targetHints":{"allow":["GET"]}}],"collection":[{"href":"https:\/\/paroisses-guidel.fr\/index.php\/wp-json\/wp\/v2\/posts"}],"about":[{"href":"https:\/\/paroisses-guidel.fr\/index.php\/wp-json\/wp\/v2\/types\/post"}],"author":[{"embeddable":true,"href":"https:\/\/paroisses-guidel.fr\/index.php\/wp-json\/wp\/v2\/users\/2"}],"replies":[{"embeddable":true,"href":"https:\/\/paroisses-guidel.fr\/index.php\/wp-json\/wp\/v2\/comments?post=2705"}],"version-history":[{"count":1,"href":"https:\/\/paroisses-guidel.fr\/index.php\/wp-json\/wp\/v2\/posts\/2705\/revisions"}],"predecessor-version":[{"id":2708,"href":"https:\/\/paroisses-guidel.fr\/index.php\/wp-json\/wp\/v2\/posts\/2705\/revisions\/2708"}],"wp:featuredmedia":[{"embeddable":true,"href":"https:\/\/paroisses-guidel.fr\/index.php\/wp-json\/wp\/v2\/media\/2706"}],"wp:attachment":[{"href":"https:\/\/paroisses-guidel.fr\/index.php\/wp-json\/wp\/v2\/media?parent=2705"}],"wp:term":[{"taxonomy":"category","embeddable":true,"href":"https:\/\/paroisses-guidel.fr\/index.php\/wp-json\/wp\/v2\/categories?post=2705"},{"taxonomy":"post_tag","embeddable":true,"href":"https:\/\/paroisses-guidel.fr\/index.php\/wp-json\/wp\/v2\/tags?post=2705"}],"curies":[{"name":"wp","href":"https:\/\/api.w.org\/{rel}","templated":true}]}}