{"id":3668,"date":"2025-08-20T21:27:33","date_gmt":"2025-08-20T19:27:33","guid":{"rendered":"https:\/\/paroisses-guidel.fr\/?p=3668"},"modified":"2025-08-20T21:27:33","modified_gmt":"2025-08-20T19:27:33","slug":"3668","status":"publish","type":"post","link":"https:\/\/paroisses-guidel.fr\/index.php\/2025\/08\/20\/3668\/","title":{"rendered":"Jubil\u00e9 2025 \u00ab\u00a0P\u00e8lerins d&rsquo;esp\u00e9rance\u00a0\u00bb"},"content":{"rendered":"\n<p><a href=\"https:\/\/www.youtube.com\/watch?v=SN-kRcMNa-w\" target=\"_blank\" rel=\"noreferrer noopener\"><strong><mark style=\"background-color:rgba(0, 0, 0, 0)\" class=\"has-inline-color has-secondary-color\">Ecoutez et faites le v\u00f4tre &#8230; Hymne officiel du Jubil\u00e9 2025 \u00ab\u00a0P\u00e8lerins d&rsquo;esp\u00e9rance\u00a0\u00bb<\/mark><\/strong><\/a><\/p>\n\n\n\n<p>Chaque ann\u00e9e, MAGNIFICAT propose un <strong>parcours de formation, simple et profond<\/strong>, enti\u00e8rement <strong>gratuit et accessible<\/strong> \u00e0 tous.<\/p>\n\n\n\n<p>Alors que&nbsp;nous sommes entr\u00e9s en ann\u00e9e Jubilaire, nous sommes heureux de vous pr\u00e9senter <strong><em>Sources et fondements de l\u2019Esp\u00e9rance<\/em><\/strong>, un parcours en 7 s\u00e9ances vid\u00e9o d&rsquo;une heure&nbsp;pour nous aider \u00e0 <strong>vivre le Jubil\u00e9<\/strong> et approfondir&nbsp;ce qui fonde notre <strong>esp\u00e9rance chr\u00e9tienne<\/strong>.<\/p>\n\n\n\n<p><strong>Tr\u00e8s simple d&rsquo;utilisation<\/strong>, ce parcours de 7 s\u00e9ances d&rsquo;une heure, enti\u00e8rement gratuit, nous donne<br>une occasion unique <strong>d&rsquo;affermir notre Foi <\/strong>et de proclamer que<br><strong>\u00ab&nbsp;l&rsquo;esp\u00e9rance ne d\u00e9\u00e7oit pas, puisque l&rsquo;amour de Dieu a \u00e9t\u00e9 r\u00e9pandu dans nos c\u0153urs&nbsp;\u00bb&nbsp; (Rm 5, 5).<\/strong><\/p>\n\n\n\n<p><strong>Le programme&nbsp;:<\/strong><\/p>\n\n\n\n<blockquote class=\"wp-block-quote is-layout-flow wp-block-quote-is-layout-flow\">\n<p>1. La vraie, la grande esp\u00e9rance de l&rsquo;homme c&rsquo;est Dieu<\/p>\n\n\n\n<p>2. L\u2019exp\u00e9rience vivante de l\u2019amour de Dieu<\/p>\n\n\n\n<p>3. Le Christ est vainqueur de la mort<\/p>\n\n\n\n<p>4. L\u2019Esprit fait de nous des fils<\/p>\n\n\n\n<p>5. Dieu nous parle personnellement<\/p>\n\n\n\n<p>6. Dieu se donne dans son Eucharistie<\/p>\n\n\n\n<p>7. Le jugement de Dieu est Esp\u00e9rance<\/p>\n<\/blockquote>\n\n\n\n<p><a href=\"https:\/\/www.formation-catholique.fr\/esperance\/\">Pr\u00e9inscription Sources et Fondements de L\u2019Esp\u00e9rance \u2013 Formation-catholique<\/a><\/p>\n","protected":false},"excerpt":{"rendered":"<p>Ecoutez et faites le v\u00f4tre &#8230; Hymne officiel du Jubil\u00e9 2025 \u00ab\u00a0P\u00e8lerins d&rsquo;esp\u00e9rance\u00a0\u00bb Chaque ann\u00e9e, MAGNIFICAT propose un parcours de formation, simple et profond, enti\u00e8rement gratuit et accessible \u00e0 tous. Alors que&nbsp;nous sommes entr\u00e9s en ann\u00e9e Jubilaire, nous sommes heureux de vous pr\u00e9senter Sources et fondements de l\u2019Esp\u00e9rance, un parcours en 7 s\u00e9ances vid\u00e9o d&rsquo;une<a class=\"more-link\" href=\"https:\/\/paroisses-guidel.fr\/index.php\/2025\/08\/20\/3668\/\">Lire la suite <span class=\"screen-reader-text\">\u00ab\u00a0Jubil\u00e9 2025 \u00ab\u00a0P\u00e8lerins d&rsquo;esp\u00e9rance\u00a0\u00bb\u00a0\u00bb<\/span><\/a><\/p>\n","protected":false},"author":2,"featured_media":4225,"comment_status":"closed","ping_status":"","sticky":false,"template":"","format":"standard","meta":{"iawp_total_views":65,"footnotes":""},"categories":[4],"tags":[],"class_list":["post-3668","post","type-post","status-publish","format-standard","has-post-thumbnail","hentry","category-actualites","entry"],"_links":{"self":[{"href":"https:\/\/paroisses-guidel.fr\/index.php\/wp-json\/wp\/v2\/posts\/3668","targetHints":{"allow":["GET"]}}],"collection":[{"href":"https:\/\/paroisses-guidel.fr\/index.php\/wp-json\/wp\/v2\/posts"}],"about":[{"href":"https:\/\/paroisses-guidel.fr\/index.php\/wp-json\/wp\/v2\/types\/post"}],"author":[{"embeddable":true,"href":"https:\/\/paroisses-guidel.fr\/index.php\/wp-json\/wp\/v2\/users\/2"}],"replies":[{"embeddable":true,"href":"https:\/\/paroisses-guidel.fr\/index.php\/wp-json\/wp\/v2\/comments?post=3668"}],"version-history":[{"count":7,"href":"https:\/\/paroisses-guidel.fr\/index.php\/wp-json\/wp\/v2\/posts\/3668\/revisions"}],"predecessor-version":[{"id":4227,"href":"https:\/\/paroisses-guidel.fr\/index.php\/wp-json\/wp\/v2\/posts\/3668\/revisions\/4227"}],"wp:featuredmedia":[{"embeddable":true,"href":"https:\/\/paroisses-guidel.fr\/index.php\/wp-json\/wp\/v2\/media\/4225"}],"wp:attachment":[{"href":"https:\/\/paroisses-guidel.fr\/index.php\/wp-json\/wp\/v2\/media?parent=3668"}],"wp:term":[{"taxonomy":"category","embeddable":true,"href":"https:\/\/paroisses-guidel.fr\/index.php\/wp-json\/wp\/v2\/categories?post=3668"},{"taxonomy":"post_tag","embeddable":true,"href":"https:\/\/paroisses-guidel.fr\/index.php\/wp-json\/wp\/v2\/tags?post=3668"}],"curies":[{"name":"wp","href":"https:\/\/api.w.org\/{rel}","templated":true}]}}