{"id":4228,"date":"2025-06-15T13:20:46","date_gmt":"2025-06-15T11:20:46","guid":{"rendered":"https:\/\/paroisses-guidel.fr\/?p=4228"},"modified":"2025-06-15T13:23:33","modified_gmt":"2025-06-15T11:23:33","slug":"ordinations-en-morbihan","status":"publish","type":"post","link":"https:\/\/paroisses-guidel.fr\/index.php\/2025\/06\/15\/ordinations-en-morbihan\/","title":{"rendered":"Ordinations en Morbihan"},"content":{"rendered":"\n<p>Dimanche 15 juin 2025, <em>selon le dessein bienveillant du P\u00e8re, accompli par le Seigneur J\u00e9sus-Christ, dans le don du Saint-Esprit,<\/em> pour l\u2019annonce de l\u2019Evangile et le service de tout homme, par l\u2019imposition des mains et la pri\u00e8re cons\u00e9cratoire,<\/p>\n\n\n\n<p><strong>Monseigneur RAYMOND CENT\u00c8NE<\/strong><br>\u00c9v\u00eaque de VANNES, ordonnera pr\u00eatres <strong>Louis-Henri Chouane <\/strong>et <strong>Michel HERVY<\/strong><\/p>\n\n\n\n<figure class=\"wp-block-embed is-type-video is-provider-youtube wp-block-embed-youtube wp-embed-aspect-16-9 wp-has-aspect-ratio\"><div class=\"wp-block-embed__wrapper\">\n<iframe loading=\"lazy\" title=\"Louis-Henri Chouane sera ordonn\u00e9 pr\u00eatre dimanche 15 juin 2025\" width=\"750\" height=\"422\" src=\"https:\/\/www.youtube.com\/embed\/5LrrqDEBvnc?feature=oembed\" frameborder=\"0\" allow=\"accelerometer; autoplay; clipboard-write; encrypted-media; gyroscope; picture-in-picture; web-share\" referrerpolicy=\"strict-origin-when-cross-origin\" allowfullscreen><\/iframe>\n<\/div><\/figure>\n","protected":false},"excerpt":{"rendered":"<p>Dimanche 15 juin 2025, selon le dessein bienveillant du P\u00e8re, accompli par le Seigneur J\u00e9sus-Christ, dans le don du Saint-Esprit, pour l\u2019annonce de l\u2019Evangile et le service de tout homme, par l\u2019imposition des mains et la pri\u00e8re cons\u00e9cratoire, Monseigneur RAYMOND CENT\u00c8NE\u00c9v\u00eaque de VANNES, ordonnera pr\u00eatres Louis-Henri Chouane et Michel HERVY<\/p>\n","protected":false},"author":2,"featured_media":4230,"comment_status":"closed","ping_status":"","sticky":false,"template":"","format":"standard","meta":{"iawp_total_views":27,"footnotes":""},"categories":[4],"tags":[],"class_list":["post-4228","post","type-post","status-publish","format-standard","has-post-thumbnail","hentry","category-actualites","entry"],"_links":{"self":[{"href":"https:\/\/paroisses-guidel.fr\/index.php\/wp-json\/wp\/v2\/posts\/4228","targetHints":{"allow":["GET"]}}],"collection":[{"href":"https:\/\/paroisses-guidel.fr\/index.php\/wp-json\/wp\/v2\/posts"}],"about":[{"href":"https:\/\/paroisses-guidel.fr\/index.php\/wp-json\/wp\/v2\/types\/post"}],"author":[{"embeddable":true,"href":"https:\/\/paroisses-guidel.fr\/index.php\/wp-json\/wp\/v2\/users\/2"}],"replies":[{"embeddable":true,"href":"https:\/\/paroisses-guidel.fr\/index.php\/wp-json\/wp\/v2\/comments?post=4228"}],"version-history":[{"count":3,"href":"https:\/\/paroisses-guidel.fr\/index.php\/wp-json\/wp\/v2\/posts\/4228\/revisions"}],"predecessor-version":[{"id":4233,"href":"https:\/\/paroisses-guidel.fr\/index.php\/wp-json\/wp\/v2\/posts\/4228\/revisions\/4233"}],"wp:featuredmedia":[{"embeddable":true,"href":"https:\/\/paroisses-guidel.fr\/index.php\/wp-json\/wp\/v2\/media\/4230"}],"wp:attachment":[{"href":"https:\/\/paroisses-guidel.fr\/index.php\/wp-json\/wp\/v2\/media?parent=4228"}],"wp:term":[{"taxonomy":"category","embeddable":true,"href":"https:\/\/paroisses-guidel.fr\/index.php\/wp-json\/wp\/v2\/categories?post=4228"},{"taxonomy":"post_tag","embeddable":true,"href":"https:\/\/paroisses-guidel.fr\/index.php\/wp-json\/wp\/v2\/tags?post=4228"}],"curies":[{"name":"wp","href":"https:\/\/api.w.org\/{rel}","templated":true}]}}