{"id":4247,"date":"2025-06-16T09:34:31","date_gmt":"2025-06-16T07:34:31","guid":{"rendered":"https:\/\/paroisses-guidel.fr\/?p=4247"},"modified":"2025-06-17T13:32:54","modified_gmt":"2025-06-17T11:32:54","slug":"on-a-retrouve-la-banniere-du-1er-pelerinage","status":"publish","type":"post","link":"https:\/\/paroisses-guidel.fr\/index.php\/2025\/06\/16\/on-a-retrouve-la-banniere-du-1er-pelerinage\/","title":{"rendered":"On a retrouv\u00e9 la banni\u00e8re du 1er p\u00e8lerinage dioc\u00e9sain !"},"content":{"rendered":"\n<p>En ce jubil\u00e9 dioc\u00e9sain de Sainte-Anne qui a lieu depuis 3 ans et sera cl\u00f4tur\u00e9 cet \u00e9t\u00e9, une r\u00e9plique de la statue de Sainte-Anne d\u2019Auray, restaur\u00e9e pour l&rsquo;occasion, a accompagn\u00e9 nos p\u00e8lerins \u00e0 Lourdes du lundi 19 au dimanche 25 mai 2025 \u2026 Quand Sainte Anne visite sa fille\u2026<\/p>\n\n\n<div class=\"wp-block-image\">\n<figure class=\"aligncenter size-full\"><img loading=\"lazy\" decoding=\"async\" width=\"605\" height=\"450\" src=\"https:\/\/paroisses-guidel.fr\/wp-content\/uploads\/2025\/06\/image-3.png\" alt=\"\" class=\"wp-image-4248\" srcset=\"https:\/\/paroisses-guidel.fr\/wp-content\/uploads\/2025\/06\/image-3.png 605w, https:\/\/paroisses-guidel.fr\/wp-content\/uploads\/2025\/06\/image-3-300x223.png 300w\" sizes=\"auto, (max-width: 605px) 100vw, 605px\" \/><figcaption class=\"wp-element-caption\">Sainte Anne accompagne les p\u00e8lerins<\/figcaption><\/figure>\n<\/div>\n\n\n<p><strong>De plus, le p\u00e8lerinage dioc\u00e9sain a f\u00eat\u00e9 cette ann\u00e9e les 150 ans de son lancement en 1875. La banni\u00e8re du 1er p\u00e8lerinage a \u00e9t\u00e9 retrouv\u00e9e : suivez le r\u00e9cit de son histoire\u2026<\/strong><\/p>\n\n\n\n<p>En 2024, on retrouva \u00e0 Lourdes une magnifique banni\u00e8re qui avait \u00e9t\u00e9 confectionn\u00e9e et offerte par le dioc\u00e8se de Vannes il y a 150 ans, lors du tout premier p\u00e8lerinage en 1875. La d\u00e9votion \u00e0 Notre-Dame de Lourdes est toute neuve dans les ann\u00e9es 1870 et l\u2019engouement pour les p\u00e8lerinages se r\u00e9pand comme une tra\u00een\u00e9e de poudre.<\/p>\n\n\n\n<p>En 1872, a lieu le \u00ab\u00a0p\u00e8lerinage des banni\u00e8res\u00a0\u00bb rassemblant des dizaines de milliers de fid\u00e8les de toute la France, puis le premier p\u00e8lerinage national est cr\u00e9\u00e9 l\u2019ann\u00e9e suivante. La coutume se d\u00e9veloppe pour les paroisses, les dioc\u00e8ses, voire les r\u00e9gions, de venir en groupes locaux constitu\u00e9s et d\u2019offrir une banni\u00e8re \u00e0 la Vierge.<\/p>\n\n\n\n<p>C\u2019est dans ce contexte d\u2019effervescence qu\u2019en janvier 1875 l\u2019\u00e9v\u00eaque de Vannes, Monseigneur B\u00e9cel, publie dans la Semaine religieuse son projet de p\u00e8lerinage dioc\u00e9sain : il constitue un comit\u00e9 de pilotage, pr\u00e9voit un train sp\u00e9cial au d\u00e9part de Sainte-Anne-d\u2019Auray et lance une souscription pour une banni\u00e8re :<\/p>\n\n\n\n<figure class=\"wp-block-image size-full\"><img loading=\"lazy\" decoding=\"async\" width=\"925\" height=\"365\" src=\"https:\/\/paroisses-guidel.fr\/wp-content\/uploads\/2025\/06\/image-4.png\" alt=\"\" class=\"wp-image-4249\" srcset=\"https:\/\/paroisses-guidel.fr\/wp-content\/uploads\/2025\/06\/image-4.png 925w, https:\/\/paroisses-guidel.fr\/wp-content\/uploads\/2025\/06\/image-4-300x118.png 300w, https:\/\/paroisses-guidel.fr\/wp-content\/uploads\/2025\/06\/image-4-768x303.png 768w\" sizes=\"auto, (max-width: 925px) 100vw, 925px\" \/><\/figure>\n\n\n\n<p>La souscription se poursuit jusqu\u2019\u00e0 la fin du Car\u00eame, puis l\u2019ouvrage est finalement command\u00e9 avec une repr\u00e9sentation de la Vierge et sainte\u00a0Anne d\u2019un c\u00f4t\u00e9, et saint Vincent Ferrier de l\u2019autre.<\/p>\n\n\n\n<div class=\"wp-block-columns is-layout-flex wp-container-core-columns-is-layout-28f84493 wp-block-columns-is-layout-flex\">\n<div class=\"wp-block-column is-layout-flow wp-block-column-is-layout-flow\" style=\"flex-basis:50%\">\n<figure class=\"wp-block-image size-full\"><img loading=\"lazy\" decoding=\"async\" width=\"318\" height=\"450\" src=\"https:\/\/paroisses-guidel.fr\/wp-content\/uploads\/2025\/06\/image-5.png\" alt=\"\" class=\"wp-image-4250\" srcset=\"https:\/\/paroisses-guidel.fr\/wp-content\/uploads\/2025\/06\/image-5.png 318w, https:\/\/paroisses-guidel.fr\/wp-content\/uploads\/2025\/06\/image-5-212x300.png 212w\" sizes=\"auto, (max-width: 318px) 100vw, 318px\" \/><\/figure>\n<\/div>\n\n\n\n<div class=\"wp-block-column is-layout-flow wp-block-column-is-layout-flow\" style=\"flex-basis:50%\">\n<figure class=\"wp-block-image size-full\"><img loading=\"lazy\" decoding=\"async\" width=\"318\" height=\"450\" src=\"https:\/\/paroisses-guidel.fr\/wp-content\/uploads\/2025\/06\/image-6.png\" alt=\"\" class=\"wp-image-4251\" srcset=\"https:\/\/paroisses-guidel.fr\/wp-content\/uploads\/2025\/06\/image-6.png 318w, https:\/\/paroisses-guidel.fr\/wp-content\/uploads\/2025\/06\/image-6-212x300.png 212w\" sizes=\"auto, (max-width: 318px) 100vw, 318px\" \/><\/figure>\n<\/div>\n<\/div>\n\n\n\n<p>Le tout premier p\u00e8lerinage dioc\u00e9sain \u00e0 Lourdes a lieu du 21 au 26 juin 1875, sous une pluie torrentielle qui fait rapidement gonfler la rivi\u00e8re, rend la grotte temporairement inaccessible et cause des inondations telles que les routes seront coup\u00e9es. Mais peu importe l\u2019orage, lisons-nous dans le r\u00e9cit de ces journ\u00e9es m\u00e9morables, les p\u00e8lerins de Vannes font courageusement leurs d\u00e9votions \u00e0 la Vierge, \u00ab\u00a0Reine incomparable\u00a0\u00bb, et lui portent leur offrande dans la chapelle : La \u00ab\u00a0banni\u00e8re du Morbihan\u00a0\u00bb, si joliment nomm\u00e9e \u00ab\u00a0ex-voto du dioc\u00e8se\u00a0\u00bb par Monseigneur B\u00e9cel, atteste toujours aujourd\u2019hui de ce premier \u00e9lan de pi\u00e9t\u00e9 envers Notre-Dame de Lourdes. Cette pi\u00e9t\u00e9 sera ensuite grav\u00e9e dans la pierre 25 ans plus tard, lorsque tous les dioc\u00e8ses de Bretagne offriront conjointement un \u00ab\u00a0calvaire breton\u00a0\u00bb en 1900.<\/p>\n","protected":false},"excerpt":{"rendered":"<p>En ce jubil\u00e9 dioc\u00e9sain de Sainte-Anne qui a lieu depuis 3 ans et sera cl\u00f4tur\u00e9 cet \u00e9t\u00e9, une r\u00e9plique de la statue de Sainte-Anne d\u2019Auray, restaur\u00e9e pour l&rsquo;occasion, a accompagn\u00e9 nos p\u00e8lerins \u00e0 Lourdes du lundi 19 au dimanche 25 mai 2025 \u2026 Quand Sainte Anne visite sa fille\u2026 De plus, le p\u00e8lerinage dioc\u00e9sain a<a class=\"more-link\" href=\"https:\/\/paroisses-guidel.fr\/index.php\/2025\/06\/16\/on-a-retrouve-la-banniere-du-1er-pelerinage\/\">Lire la suite <span class=\"screen-reader-text\">\u00ab\u00a0On a retrouv\u00e9 la banni\u00e8re du 1er p\u00e8lerinage dioc\u00e9sain !\u00a0\u00bb<\/span><\/a><\/p>\n","protected":false},"author":2,"featured_media":4271,"comment_status":"closed","ping_status":"","sticky":false,"template":"","format":"standard","meta":{"iawp_total_views":38,"footnotes":""},"categories":[4],"tags":[],"class_list":["post-4247","post","type-post","status-publish","format-standard","has-post-thumbnail","hentry","category-actualites","entry"],"_links":{"self":[{"href":"https:\/\/paroisses-guidel.fr\/index.php\/wp-json\/wp\/v2\/posts\/4247","targetHints":{"allow":["GET"]}}],"collection":[{"href":"https:\/\/paroisses-guidel.fr\/index.php\/wp-json\/wp\/v2\/posts"}],"about":[{"href":"https:\/\/paroisses-guidel.fr\/index.php\/wp-json\/wp\/v2\/types\/post"}],"author":[{"embeddable":true,"href":"https:\/\/paroisses-guidel.fr\/index.php\/wp-json\/wp\/v2\/users\/2"}],"replies":[{"embeddable":true,"href":"https:\/\/paroisses-guidel.fr\/index.php\/wp-json\/wp\/v2\/comments?post=4247"}],"version-history":[{"count":6,"href":"https:\/\/paroisses-guidel.fr\/index.php\/wp-json\/wp\/v2\/posts\/4247\/revisions"}],"predecessor-version":[{"id":4258,"href":"https:\/\/paroisses-guidel.fr\/index.php\/wp-json\/wp\/v2\/posts\/4247\/revisions\/4258"}],"wp:featuredmedia":[{"embeddable":true,"href":"https:\/\/paroisses-guidel.fr\/index.php\/wp-json\/wp\/v2\/media\/4271"}],"wp:attachment":[{"href":"https:\/\/paroisses-guidel.fr\/index.php\/wp-json\/wp\/v2\/media?parent=4247"}],"wp:term":[{"taxonomy":"category","embeddable":true,"href":"https:\/\/paroisses-guidel.fr\/index.php\/wp-json\/wp\/v2\/categories?post=4247"},{"taxonomy":"post_tag","embeddable":true,"href":"https:\/\/paroisses-guidel.fr\/index.php\/wp-json\/wp\/v2\/tags?post=4247"}],"curies":[{"name":"wp","href":"https:\/\/api.w.org\/{rel}","templated":true}]}}