{"id":4297,"date":"2025-06-20T00:00:00","date_gmt":"2025-06-19T22:00:00","guid":{"rendered":"https:\/\/paroisses-guidel.fr\/?p=4297"},"modified":"2025-06-21T10:52:55","modified_gmt":"2025-06-21T08:52:55","slug":"eglise-st-pierre-st-paul-de-guidel-decouvrez-deux-anecdotes","status":"publish","type":"post","link":"https:\/\/paroisses-guidel.fr\/index.php\/2025\/06\/20\/eglise-st-pierre-st-paul-de-guidel-decouvrez-deux-anecdotes\/","title":{"rendered":"Eglise St Pierre &amp; St Paul de Guidel &#8211; Deux observations &#8230;"},"content":{"rendered":"\n<p>Dimanche 29 juin, <strong>f\u00eate patronale de Saint Pierre et Saint Paul<\/strong>, messe \u00e0 10h30 suivie d\u2019un grand barbecue partag\u00e9 aux logis de Kerdrien \u00e0 Guidel Plages. Belle vue sur Groix&nbsp;!<br>Chacun apporte saucisses, salade compos\u00e9e ou bien dessert \u00e0 d\u00e9poser sur un buffet. <br>Ap\u00e9ro offert par la paroisse.<\/p>\n\n\n\n<p>A cette occasion, l&rsquo;envie de vous partager deux observations sur notre \u00e9glise de Guidel relat\u00e9es par Yves Carrio, Pr\u00e9sident Histoire &amp; Patrimoine de Guidel.<\/p>\n\n\n\n<p class=\"has-background-color has-primary-background-color has-text-color has-background has-link-color has-large-font-size wp-elements-0df8279885f483055374be3637724e17\">1 &#8211; <strong>L\u2019inconnue du porche de l\u2019\u00e9glise<\/strong><\/p>\n\n\n\n<p>Chacun d\u2019entre nous a certainement eu l\u2019occasion d\u2019entrer dans l\u2019\u00e9glise par le porche sans pour autant pr\u00eater attention aux inscriptions incrust\u00e9es sur une pierre pos\u00e9e \u00e0 l\u2019entr\u00e9e de l\u2019\u00e9difice. Le texte (sans doute incomplet) est le suivant&nbsp;:<\/p>\n\n\n<div class=\"wp-block-image\">\n<figure class=\"aligncenter size-full\"><img loading=\"lazy\" decoding=\"async\" width=\"541\" height=\"722\" src=\"https:\/\/paroisses-guidel.fr\/wp-content\/uploads\/2025\/06\/image-7.png\" alt=\"\" class=\"wp-image-4300\" srcset=\"https:\/\/paroisses-guidel.fr\/wp-content\/uploads\/2025\/06\/image-7.png 541w, https:\/\/paroisses-guidel.fr\/wp-content\/uploads\/2025\/06\/image-7-225x300.png 225w\" sizes=\"auto, (max-width: 541px) 100vw, 541px\" \/><\/figure>\n<\/div>\n\n\n<p class=\"has-text-align-center\"><strong>Le corps de Marie-Louise Loher, femme Rivalain<\/strong><br><strong>D\u00e9c\u00e9d\u00e9e le 15 novembre 1818, \u00e2g\u00e9e de 80 ans<\/strong><br><strong>Elle fut tendre m\u00e8re, bonne \u00e9pouse, fervente chr\u00e9tienne<\/strong><br><strong>Priez Dieu pour elle.<\/strong><\/p>\n\n\n\n<p>Mais qui \u00e9tait Marie-Louise Loher&nbsp;?<\/p>\n\n\n\n<p>Elle na\u00eet le 17 novembre 1738 \u00e0 Qu\u00e9ven. Elle est fille de \u00ab&nbsp;Ma\u00eetre&nbsp;\u00bb Jean Loher, qui exer\u00e7ait le m\u00e9tier de menuisier, et de Louise Tallec. Marie-Louise se marie le 9 f\u00e9vrier 1767 \u00e0 Qu\u00e9ven avec le \u00ab&nbsp;Sieur&nbsp;\u00bb Louis-Joseph Rivalain, marchand de draps au bourg de Guidel.<\/p>\n\n\n\n<p>La d\u00e9funte ayant un fr\u00e8re pr\u00eatre peut expliquer (sans aucune certitude) l\u2019installation de la pierre \u00e0 l\u2019entr\u00e9e de l\u2019\u00e9glise. La pose de cette pierre tombale \u00e0 cet endroit lors du d\u00e9placement du cimeti\u00e8re en 1860 est une autre hypoth\u00e8se (avant 1860, le cimeti\u00e8re se trouvait autour l\u2019\u00e9glise). Une pierre qui, en 2025, garde toujours une grande part de myst\u00e8re.<\/p>\n\n\n\n<p class=\"has-background-color has-primary-background-color has-text-color has-background has-link-color has-large-font-size wp-elements-408b31ae725646cf4f86abd7b1ee6412\">2 &#8211; <strong>Les bancs de l\u2019\u00e9glise<\/strong><\/p>\n\n\n\n<p>Un article du Nouvelliste du Morbihan, du 7 ao\u00fbt 1926, pr\u00e9cise que l\u2019abb\u00e9 Le Cam, vicaire \u00e0 Saint Christophe de Lorient, en route vers le site de Saint-Maurice, s\u2019est arr\u00eat\u00e9 \u00e0 Guidel. A sa descente du tramway, avant de poursuivre sa route, il visite l\u2019\u00e9glise de Guidel. <\/p>\n\n\n\n<p>Quelle ne fut pas sa surprise de constater que les chaises \u00e9taient dispos\u00e9es de fa\u00e7on que les fid\u00e8les, au lieu de regarder vers le c\u0153ur, se faisaient vis-\u00e0-vis des deux c\u00f4t\u00e9s de la nef. Une explication possible \u00e0 l\u2019\u00e9trange positionnement des chaises peut \u00eatre la suivante. Durant la messe, pour permettre aux fid\u00e8les, \u00e0 genoux ou assis, de faire face \u00e0 l\u2019autel, les chaises devaient \u00eatre retourn\u00e9es \u00e0 plusieurs reprises, engendrant un brouhaha peu propice au recueillement. La disposition des chaises, disparates et en mauvais \u00e9tat, ne simplifiait cependant pas le contr\u00f4le de la location annuelle que les fid\u00e8les devaient acquitter. <\/p>\n\n\n<div class=\"wp-block-image\">\n<figure class=\"aligncenter size-full\"><img loading=\"lazy\" decoding=\"async\" width=\"564\" height=\"361\" src=\"https:\/\/paroisses-guidel.fr\/wp-content\/uploads\/2025\/06\/image-8.png\" alt=\"\" class=\"wp-image-4301\" srcset=\"https:\/\/paroisses-guidel.fr\/wp-content\/uploads\/2025\/06\/image-8.png 564w, https:\/\/paroisses-guidel.fr\/wp-content\/uploads\/2025\/06\/image-8-300x192.png 300w\" sizes=\"auto, (max-width: 564px) 100vw, 564px\" \/><\/figure>\n<\/div>\n\n\n<p>En 1928, la d\u00e9cision fut prise d\u2019installer des bancs simplifiant ainsi la vie des fid\u00e8les durant les offices. Plusieurs menuisiers guidelois particip\u00e8rent \u00e0 la r\u00e9alisation du chantier&nbsp;: Jean-Louis Le Quintrec, Louis Bouler, Gr\u00e9goire et Isidore Gautier, Pierre Hoellard et Joseph Furet. La num\u00e9rotation de chaque banc et de chaque place facilita par la suite le contr\u00f4le de la location. Au moment o\u00f9 le renouvellement des bancs de l\u2019\u00e9glise est termin\u00e9, on en retrouve encore de nos jours et datant de cette \u00e9poque, dans les transepts de l\u2019\u00e9glise. M\u00eame usag\u00e9s ils compl\u00e8tent l\u2019\u00e9quipement mobilier des chapelles et s\u2019av\u00e8rent bien utiles au moment des pardons.<\/p>\n\n\n<div class=\"wp-block-image\">\n<figure class=\"aligncenter size-full\"><img loading=\"lazy\" decoding=\"async\" width=\"1008\" height=\"756\" src=\"https:\/\/paroisses-guidel.fr\/wp-content\/uploads\/2025\/06\/Banc-eglise-Guidel.jpg\" alt=\"\" class=\"wp-image-4302\" srcset=\"https:\/\/paroisses-guidel.fr\/wp-content\/uploads\/2025\/06\/Banc-eglise-Guidel.jpg 1008w, https:\/\/paroisses-guidel.fr\/wp-content\/uploads\/2025\/06\/Banc-eglise-Guidel-300x225.jpg 300w, https:\/\/paroisses-guidel.fr\/wp-content\/uploads\/2025\/06\/Banc-eglise-Guidel-768x576.jpg 768w\" sizes=\"auto, (max-width: 1008px) 100vw, 1008px\" \/><\/figure>\n<\/div>","protected":false},"excerpt":{"rendered":"<p>Dimanche 29 juin, f\u00eate patronale de Saint Pierre et Saint Paul, messe \u00e0 10h30 suivie d\u2019un grand barbecue partag\u00e9 aux logis de Kerdrien \u00e0 Guidel Plages. Belle vue sur Groix&nbsp;!Chacun apporte saucisses, salade compos\u00e9e ou bien dessert \u00e0 d\u00e9poser sur un buffet. Ap\u00e9ro offert par la paroisse. A cette occasion, l&rsquo;envie de vous partager deux<a class=\"more-link\" href=\"https:\/\/paroisses-guidel.fr\/index.php\/2025\/06\/20\/eglise-st-pierre-st-paul-de-guidel-decouvrez-deux-anecdotes\/\">Lire la suite <span class=\"screen-reader-text\">\u00ab\u00a0Eglise St Pierre &amp; St Paul de Guidel &#8211; Deux observations &#8230;\u00a0\u00bb<\/span><\/a><\/p>\n","protected":false},"author":2,"featured_media":4300,"comment_status":"closed","ping_status":"","sticky":false,"template":"","format":"standard","meta":{"iawp_total_views":61,"footnotes":""},"categories":[4],"tags":[],"class_list":["post-4297","post","type-post","status-publish","format-standard","has-post-thumbnail","hentry","category-actualites","entry"],"_links":{"self":[{"href":"https:\/\/paroisses-guidel.fr\/index.php\/wp-json\/wp\/v2\/posts\/4297","targetHints":{"allow":["GET"]}}],"collection":[{"href":"https:\/\/paroisses-guidel.fr\/index.php\/wp-json\/wp\/v2\/posts"}],"about":[{"href":"https:\/\/paroisses-guidel.fr\/index.php\/wp-json\/wp\/v2\/types\/post"}],"author":[{"embeddable":true,"href":"https:\/\/paroisses-guidel.fr\/index.php\/wp-json\/wp\/v2\/users\/2"}],"replies":[{"embeddable":true,"href":"https:\/\/paroisses-guidel.fr\/index.php\/wp-json\/wp\/v2\/comments?post=4297"}],"version-history":[{"count":7,"href":"https:\/\/paroisses-guidel.fr\/index.php\/wp-json\/wp\/v2\/posts\/4297\/revisions"}],"predecessor-version":[{"id":4321,"href":"https:\/\/paroisses-guidel.fr\/index.php\/wp-json\/wp\/v2\/posts\/4297\/revisions\/4321"}],"wp:featuredmedia":[{"embeddable":true,"href":"https:\/\/paroisses-guidel.fr\/index.php\/wp-json\/wp\/v2\/media\/4300"}],"wp:attachment":[{"href":"https:\/\/paroisses-guidel.fr\/index.php\/wp-json\/wp\/v2\/media?parent=4297"}],"wp:term":[{"taxonomy":"category","embeddable":true,"href":"https:\/\/paroisses-guidel.fr\/index.php\/wp-json\/wp\/v2\/categories?post=4297"},{"taxonomy":"post_tag","embeddable":true,"href":"https:\/\/paroisses-guidel.fr\/index.php\/wp-json\/wp\/v2\/tags?post=4297"}],"curies":[{"name":"wp","href":"https:\/\/api.w.org\/{rel}","templated":true}]}}