{"id":4697,"date":"2025-08-20T21:28:05","date_gmt":"2025-08-20T19:28:05","guid":{"rendered":"https:\/\/paroisses-guidel.fr\/?p=4697"},"modified":"2025-11-05T16:21:45","modified_gmt":"2025-11-05T15:21:45","slug":"la-maison-paroissiale-vous-accueille","status":"publish","type":"post","link":"https:\/\/paroisses-guidel.fr\/index.php\/2025\/08\/20\/la-maison-paroissiale-vous-accueille\/","title":{"rendered":"La maison paroissiale vous accueille &#8230;"},"content":{"rendered":"\n<p>Lundi 11 ao\u00fbt, le P\u00e8re Arnauld a pr\u00e9sent\u00e9 les travaux du rez-de-chauss\u00e9e de la maison paroissiale en pr\u00e9sence d\u2019une quarantaine de personnes lors d\u2019un moment de convivialit\u00e9. Une belle r\u00e9ussite\u2026 Un bel espace pour vous accueillir&nbsp;! <\/p>\n\n\n\n<p>Nous remercions J\u00e9r\u00f4me Le Calv\u00e9, artisan principal du chantier, et toutes les entreprises qui sont intervenues pour nous offrir ce lieu de qualit\u00e9. <\/p>\n\n\n\n<figure class=\"wp-block-image size-large\"><img loading=\"lazy\" decoding=\"async\" width=\"768\" height=\"1024\" src=\"https:\/\/paroisses-guidel.fr\/wp-content\/uploads\/2025\/08\/Jerome-LE-CALVEZ-768x1024.jpg\" alt=\"\" class=\"wp-image-4698\" srcset=\"https:\/\/paroisses-guidel.fr\/wp-content\/uploads\/2025\/08\/Jerome-LE-CALVEZ-768x1024.jpg 768w, https:\/\/paroisses-guidel.fr\/wp-content\/uploads\/2025\/08\/Jerome-LE-CALVEZ-225x300.jpg 225w, https:\/\/paroisses-guidel.fr\/wp-content\/uploads\/2025\/08\/Jerome-LE-CALVEZ.jpg 1008w\" sizes=\"auto, (max-width: 768px) 100vw, 768px\" \/><\/figure>\n\n\n\n<p>A cette occasion, Ga\u00ebtan Desquilbet, de l\u2019ensemble traditionnel Pesked Imbri qui s\u2019est produit \u00e0 la chapelle de La Piti\u00e9 lors de l\u2019\u00e9dition 2025 du Festival, et Jo\u00ebl Bienvenu, pr\u00e9sident de l\u2019association des 7 chapelles en Arts, ont remis un ch\u00e8que destin\u00e9 \u00e0 la poursuite de la r\u00e9novation de la maison paroissiale.<\/p>\n\n\n<div class=\"wp-block-image\">\n<figure class=\"aligncenter size-large\"><img loading=\"lazy\" decoding=\"async\" width=\"1024\" height=\"711\" src=\"https:\/\/paroisses-guidel.fr\/wp-content\/uploads\/2025\/08\/20250811_185531-1-1024x711.jpg\" alt=\"\" class=\"wp-image-4703\" srcset=\"https:\/\/paroisses-guidel.fr\/wp-content\/uploads\/2025\/08\/20250811_185531-1-1024x711.jpg 1024w, https:\/\/paroisses-guidel.fr\/wp-content\/uploads\/2025\/08\/20250811_185531-1-300x208.jpg 300w, https:\/\/paroisses-guidel.fr\/wp-content\/uploads\/2025\/08\/20250811_185531-1-768x533.jpg 768w, https:\/\/paroisses-guidel.fr\/wp-content\/uploads\/2025\/08\/20250811_185531-1-1536x1067.jpg 1536w, https:\/\/paroisses-guidel.fr\/wp-content\/uploads\/2025\/08\/20250811_185531-1-2048x1422.jpg 2048w, https:\/\/paroisses-guidel.fr\/wp-content\/uploads\/2025\/08\/20250811_185531-1-1568x1089.jpg 1568w\" sizes=\"auto, (max-width: 1024px) 100vw, 1024px\" \/><\/figure>\n<\/div>\n\n\n<p>Merci aussi \u00e0 tous les bienfaiteurs qui ont particip\u00e9 \u00e0 la charge financi\u00e8re de ce projet. Il est encore temps de le faire&nbsp;! Par ch\u00e8que \u00e0 l\u2019ordre de \u00ab&nbsp;ADV \u2013 Paroisse de Guidel \u2013 travaux&nbsp;\u00bb. Dons d\u00e9fiscalisables aux conditions habituelles. Mardi 7 octobre \u00e0 18h30, nous vous invitons \u00e0 venir d\u00e9couvrir ce lieu d\u2019accueil r\u00e9nov\u00e9 et ses propositions autour d\u2019un verre de l\u2019amiti\u00e9. Notre Maison paroissiale sera b\u00e9nie dimanche 14 septembre lors de la journ\u00e9e de rentr\u00e9e paroissiale.<\/p>\n","protected":false},"excerpt":{"rendered":"<p>Lundi 11 ao\u00fbt, le P\u00e8re Arnauld a pr\u00e9sent\u00e9 les travaux du rez-de-chauss\u00e9e de la maison paroissiale en pr\u00e9sence d\u2019une quarantaine de personnes lors d\u2019un moment de convivialit\u00e9. Une belle r\u00e9ussite\u2026 Un bel espace pour vous accueillir&nbsp;! Nous remercions J\u00e9r\u00f4me Le Calv\u00e9, artisan principal du chantier, et toutes les entreprises qui sont intervenues pour nous offrir<a class=\"more-link\" href=\"https:\/\/paroisses-guidel.fr\/index.php\/2025\/08\/20\/la-maison-paroissiale-vous-accueille\/\">Lire la suite <span class=\"screen-reader-text\">\u00ab\u00a0La maison paroissiale vous accueille &#8230;\u00a0\u00bb<\/span><\/a><\/p>\n","protected":false},"author":2,"featured_media":4700,"comment_status":"closed","ping_status":"","sticky":false,"template":"","format":"standard","meta":{"iawp_total_views":126,"footnotes":""},"categories":[4],"tags":[],"class_list":["post-4697","post","type-post","status-publish","format-standard","has-post-thumbnail","hentry","category-actualites","entry"],"_links":{"self":[{"href":"https:\/\/paroisses-guidel.fr\/index.php\/wp-json\/wp\/v2\/posts\/4697","targetHints":{"allow":["GET"]}}],"collection":[{"href":"https:\/\/paroisses-guidel.fr\/index.php\/wp-json\/wp\/v2\/posts"}],"about":[{"href":"https:\/\/paroisses-guidel.fr\/index.php\/wp-json\/wp\/v2\/types\/post"}],"author":[{"embeddable":true,"href":"https:\/\/paroisses-guidel.fr\/index.php\/wp-json\/wp\/v2\/users\/2"}],"replies":[{"embeddable":true,"href":"https:\/\/paroisses-guidel.fr\/index.php\/wp-json\/wp\/v2\/comments?post=4697"}],"version-history":[{"count":5,"href":"https:\/\/paroisses-guidel.fr\/index.php\/wp-json\/wp\/v2\/posts\/4697\/revisions"}],"predecessor-version":[{"id":4716,"href":"https:\/\/paroisses-guidel.fr\/index.php\/wp-json\/wp\/v2\/posts\/4697\/revisions\/4716"}],"wp:featuredmedia":[{"embeddable":true,"href":"https:\/\/paroisses-guidel.fr\/index.php\/wp-json\/wp\/v2\/media\/4700"}],"wp:attachment":[{"href":"https:\/\/paroisses-guidel.fr\/index.php\/wp-json\/wp\/v2\/media?parent=4697"}],"wp:term":[{"taxonomy":"category","embeddable":true,"href":"https:\/\/paroisses-guidel.fr\/index.php\/wp-json\/wp\/v2\/categories?post=4697"},{"taxonomy":"post_tag","embeddable":true,"href":"https:\/\/paroisses-guidel.fr\/index.php\/wp-json\/wp\/v2\/tags?post=4697"}],"curies":[{"name":"wp","href":"https:\/\/api.w.org\/{rel}","templated":true}]}}