{"id":4896,"date":"2025-09-26T13:48:51","date_gmt":"2025-09-26T11:48:51","guid":{"rendered":"https:\/\/paroisses-guidel.fr\/?p=4896"},"modified":"2025-09-26T13:48:51","modified_gmt":"2025-09-26T11:48:51","slug":"2-jeunes-canonises-ce-dimanche-a-rome","status":"publish","type":"post","link":"https:\/\/paroisses-guidel.fr\/index.php\/2025\/09\/26\/2-jeunes-canonises-ce-dimanche-a-rome\/","title":{"rendered":"2 jeunes canonis\u00e9s \u00e0 Rome"},"content":{"rendered":"\n<p>Dimanche 7 septembre, le pape L\u00e9on a canonis\u00e9 <strong>Carlo Acutis (<\/strong>1991-2006) et <strong>Pier Giorgio Frassati<\/strong> (1901-1925) au cours d&rsquo;une messe solennelle. La proclamation de la saintet\u00e9 de ces deux jeunes particuli\u00e8rement inspirants est un moment cl\u00e9 de ce Jubil\u00e9 2025.<\/p>\n\n\n\n<p><strong>Pier Giorgio Frassati <\/strong>(1901\u20131925) \u00e9tait un jeune la\u00efc catholique italien. Sa canonisation co\u00efncide avec le centenaire de sa mort. Frassati, connu pour son d\u00e9vouement envers les pauvres et sa passion pour l\u2019alpinisme, est consid\u00e9r\u00e9 comme une figure inspirante pour la jeunesse catholique.<\/p>\n\n\n\n<p>Pier Giorgio est mort \u00e0 seulement 24 ans, le 4 juillet 1925, d\u2019une poliomy\u00e9lite fulgurante. Sa famille, qui n\u2019\u00e9tait pas pleinement consciente de ses \u0153uvres caritatives, a \u00e9t\u00e9 stup\u00e9faite par le grand nombre de pauvres et de personnes reconnaissantes qui sont venus assister \u00e0 ses fun\u00e9railles.<\/p>\n\n\n\n<div class=\"wp-block-buttons is-content-justification-center is-layout-flex wp-container-core-buttons-is-layout-a89b3969 wp-block-buttons-is-layout-flex\">\n<div class=\"wp-block-button\"><a class=\"wp-block-button__link wp-element-button\" href=\"https:\/\/www.youtube.com\/watch?v=geeCJWyMq8A\">Pier Giorgio Frassati<\/a><\/div>\n<\/div>\n\n\n\n<p><strong>Carlo Acutis<\/strong>, n\u00e9 \u00e0 Londres, ce jeune Milanais fan d\u2019informatique a grandi dans une famille italienne ais\u00e9e, avant de mourir d\u2019une leuc\u00e9mie foudroyante \u00e0 15&nbsp;ans. Avec sa foi s\u00fbre et sa passion pour les nouvelles technologies, il appara\u00eet comme une figure mobilisatrice pour l\u2019\u00c9glise, dans une modernit\u00e9 religieuse incertaine. Il devient le premier Saint n\u00e9 au 21\u00e8me&nbsp;si\u00e8cle.<\/p>\n\n\n\n<div class=\"wp-block-buttons is-content-justification-center is-layout-flex wp-container-core-buttons-is-layout-a89b3969 wp-block-buttons-is-layout-flex\">\n<div class=\"wp-block-button\"><a class=\"wp-block-button__link wp-element-button\" href=\"https:\/\/www.google.com\/search?sca_esv=0594ea3e66c3f3c4&amp;sxsrf=AE3TifNxtzKf9Qy3TPHzMD80uXfQCf4DpQ:1757744791305&amp;udm=7&amp;fbs=AIIjpHx4nJjfGojPVHhEACUHPiMQ_pbg5bWizQs3A_kIenjtcpTTqBUdyVgzq0c3_k8z34GUa4Q_jiUQNh5K5XfwsFj1JlsgDwnS6F9uJOn6Vp7K2JX4WeRflGtmfZn95n7bP2bLCCoCYIPZSn081QQEoOPvZZkkXXSWsYoXsh6KfCsRD_UMEw29C7lTaasyGmVBxgUXuJOT5VpScEjRAZSlb8E7B3_Yog&amp;q=carlo+acutis&amp;sa=X&amp;ved=2ahUKEwim2pDPjdWPAxW9UqQEHSYmBFEQtKgLegQIDhAB#fpstate=ive&amp;vld=cid:58680c44,vid:F_HYg0GR2uk,st:0\">Carlos Acutis<\/a><\/div>\n<\/div>\n\n\n\n<p><\/p>\n","protected":false},"excerpt":{"rendered":"<p>Dimanche 7 septembre, le pape L\u00e9on a canonis\u00e9 Carlo Acutis (1991-2006) et Pier Giorgio Frassati (1901-1925) au cours d&rsquo;une messe solennelle. La proclamation de la saintet\u00e9 de ces deux jeunes particuli\u00e8rement inspirants est un moment cl\u00e9 de ce Jubil\u00e9 2025. Pier Giorgio Frassati (1901\u20131925) \u00e9tait un jeune la\u00efc catholique italien. Sa canonisation co\u00efncide avec le<a class=\"more-link\" href=\"https:\/\/paroisses-guidel.fr\/index.php\/2025\/09\/26\/2-jeunes-canonises-ce-dimanche-a-rome\/\">Lire la suite <span class=\"screen-reader-text\">\u00ab\u00a02 jeunes canonis\u00e9s \u00e0 Rome\u00a0\u00bb<\/span><\/a><\/p>\n","protected":false},"author":2,"featured_media":4897,"comment_status":"closed","ping_status":"","sticky":false,"template":"","format":"standard","meta":{"iawp_total_views":41,"footnotes":""},"categories":[4],"tags":[],"class_list":["post-4896","post","type-post","status-publish","format-standard","has-post-thumbnail","hentry","category-actualites","entry"],"_links":{"self":[{"href":"https:\/\/paroisses-guidel.fr\/index.php\/wp-json\/wp\/v2\/posts\/4896","targetHints":{"allow":["GET"]}}],"collection":[{"href":"https:\/\/paroisses-guidel.fr\/index.php\/wp-json\/wp\/v2\/posts"}],"about":[{"href":"https:\/\/paroisses-guidel.fr\/index.php\/wp-json\/wp\/v2\/types\/post"}],"author":[{"embeddable":true,"href":"https:\/\/paroisses-guidel.fr\/index.php\/wp-json\/wp\/v2\/users\/2"}],"replies":[{"embeddable":true,"href":"https:\/\/paroisses-guidel.fr\/index.php\/wp-json\/wp\/v2\/comments?post=4896"}],"version-history":[{"count":17,"href":"https:\/\/paroisses-guidel.fr\/index.php\/wp-json\/wp\/v2\/posts\/4896\/revisions"}],"predecessor-version":[{"id":4970,"href":"https:\/\/paroisses-guidel.fr\/index.php\/wp-json\/wp\/v2\/posts\/4896\/revisions\/4970"}],"wp:featuredmedia":[{"embeddable":true,"href":"https:\/\/paroisses-guidel.fr\/index.php\/wp-json\/wp\/v2\/media\/4897"}],"wp:attachment":[{"href":"https:\/\/paroisses-guidel.fr\/index.php\/wp-json\/wp\/v2\/media?parent=4896"}],"wp:term":[{"taxonomy":"category","embeddable":true,"href":"https:\/\/paroisses-guidel.fr\/index.php\/wp-json\/wp\/v2\/categories?post=4896"},{"taxonomy":"post_tag","embeddable":true,"href":"https:\/\/paroisses-guidel.fr\/index.php\/wp-json\/wp\/v2\/tags?post=4896"}],"curies":[{"name":"wp","href":"https:\/\/api.w.org\/{rel}","templated":true}]}}