{"id":4977,"date":"2025-09-26T13:49:06","date_gmt":"2025-09-26T11:49:06","guid":{"rendered":"https:\/\/paroisses-guidel.fr\/?p=4977"},"modified":"2025-09-26T13:49:06","modified_gmt":"2025-09-26T11:49:06","slug":"vous-avez-dit-catechumenat","status":"publish","type":"post","link":"https:\/\/paroisses-guidel.fr\/index.php\/2025\/09\/26\/vous-avez-dit-catechumenat\/","title":{"rendered":"Vous avez dit cat\u00e9chum\u00e9nat ?"},"content":{"rendered":"\n<figure class=\"wp-block-image size-large\"><img loading=\"lazy\" decoding=\"async\" width=\"1024\" height=\"473\" src=\"https:\/\/paroisses-guidel.fr\/wp-content\/uploads\/2025\/09\/IMG_20250914_103557-1-1024x473.jpg\" alt=\"\" class=\"wp-image-5050\" srcset=\"https:\/\/paroisses-guidel.fr\/wp-content\/uploads\/2025\/09\/IMG_20250914_103557-1-1024x473.jpg 1024w, https:\/\/paroisses-guidel.fr\/wp-content\/uploads\/2025\/09\/IMG_20250914_103557-1-300x139.jpg 300w, https:\/\/paroisses-guidel.fr\/wp-content\/uploads\/2025\/09\/IMG_20250914_103557-1-768x355.jpg 768w, https:\/\/paroisses-guidel.fr\/wp-content\/uploads\/2025\/09\/IMG_20250914_103557-1-1536x709.jpg 1536w, https:\/\/paroisses-guidel.fr\/wp-content\/uploads\/2025\/09\/IMG_20250914_103557-1-1568x724.jpg 1568w, https:\/\/paroisses-guidel.fr\/wp-content\/uploads\/2025\/09\/IMG_20250914_103557-1.jpg 1992w\" sizes=\"auto, (max-width: 1024px) 100vw, 1024px\" \/><\/figure>\n\n\n\n<p><strong>Adulte qui n\u2019\u00eates pas baptis\u00e9(e), pas confirm\u00e9(e) ou pas communi\u00e9(e), venez rejoindre Nicolas, Ma\u00efna, Julien, Colline <\/strong>pour pr\u00e9parer l\u2019un de ces sacrements dans le groupe bien vivant de cat\u00e9chum\u00e9nat. Une soir\u00e9e par mois. <strong>Prochaine date\u00a0: mardi 7 octobre,<\/strong> 20h30 \u00e0 la maison paroissiale de Guidel.<\/p>\n\n\n\n<figure class=\"wp-block-image size-large\"><img loading=\"lazy\" decoding=\"async\" width=\"1024\" height=\"768\" src=\"https:\/\/paroisses-guidel.fr\/wp-content\/uploads\/2025\/09\/20250914_115336-1-1024x768.jpg\" alt=\"\" class=\"wp-image-5051\" srcset=\"https:\/\/paroisses-guidel.fr\/wp-content\/uploads\/2025\/09\/20250914_115336-1-1024x768.jpg 1024w, https:\/\/paroisses-guidel.fr\/wp-content\/uploads\/2025\/09\/20250914_115336-1-300x225.jpg 300w, https:\/\/paroisses-guidel.fr\/wp-content\/uploads\/2025\/09\/20250914_115336-1-768x576.jpg 768w, https:\/\/paroisses-guidel.fr\/wp-content\/uploads\/2025\/09\/20250914_115336-1-1536x1152.jpg 1536w, https:\/\/paroisses-guidel.fr\/wp-content\/uploads\/2025\/09\/20250914_115336-1-2048x1536.jpg 2048w, https:\/\/paroisses-guidel.fr\/wp-content\/uploads\/2025\/09\/20250914_115336-1-1568x1176.jpg 1568w\" sizes=\"auto, (max-width: 1024px) 100vw, 1024px\" \/><\/figure>\n\n\n\n<p>Contact P. Arnauld : <a href=\"tel:0679615946\">06 79 61 59 46<\/a><\/p>\n\n\n\n<p><\/p>\n","protected":false},"excerpt":{"rendered":"<p>Adulte qui n\u2019\u00eates pas baptis\u00e9(e), pas confirm\u00e9(e) ou pas communi\u00e9(e), venez rejoindre Nicolas, Ma\u00efna, Julien, Colline pour pr\u00e9parer l\u2019un de ces sacrements dans le groupe bien vivant de cat\u00e9chum\u00e9nat. Une soir\u00e9e par mois. Prochaine date\u00a0: mardi 7 octobre, 20h30 \u00e0 la maison paroissiale de Guidel. Contact P. Arnauld : 06 79 61 59 46<\/p>\n","protected":false},"author":2,"featured_media":5054,"comment_status":"closed","ping_status":"","sticky":false,"template":"","format":"standard","meta":{"iawp_total_views":36,"footnotes":""},"categories":[4],"tags":[],"class_list":["post-4977","post","type-post","status-publish","format-standard","has-post-thumbnail","hentry","category-actualites","entry"],"_links":{"self":[{"href":"https:\/\/paroisses-guidel.fr\/index.php\/wp-json\/wp\/v2\/posts\/4977","targetHints":{"allow":["GET"]}}],"collection":[{"href":"https:\/\/paroisses-guidel.fr\/index.php\/wp-json\/wp\/v2\/posts"}],"about":[{"href":"https:\/\/paroisses-guidel.fr\/index.php\/wp-json\/wp\/v2\/types\/post"}],"author":[{"embeddable":true,"href":"https:\/\/paroisses-guidel.fr\/index.php\/wp-json\/wp\/v2\/users\/2"}],"replies":[{"embeddable":true,"href":"https:\/\/paroisses-guidel.fr\/index.php\/wp-json\/wp\/v2\/comments?post=4977"}],"version-history":[{"count":3,"href":"https:\/\/paroisses-guidel.fr\/index.php\/wp-json\/wp\/v2\/posts\/4977\/revisions"}],"predecessor-version":[{"id":5052,"href":"https:\/\/paroisses-guidel.fr\/index.php\/wp-json\/wp\/v2\/posts\/4977\/revisions\/5052"}],"wp:featuredmedia":[{"embeddable":true,"href":"https:\/\/paroisses-guidel.fr\/index.php\/wp-json\/wp\/v2\/media\/5054"}],"wp:attachment":[{"href":"https:\/\/paroisses-guidel.fr\/index.php\/wp-json\/wp\/v2\/media?parent=4977"}],"wp:term":[{"taxonomy":"category","embeddable":true,"href":"https:\/\/paroisses-guidel.fr\/index.php\/wp-json\/wp\/v2\/categories?post=4977"},{"taxonomy":"post_tag","embeddable":true,"href":"https:\/\/paroisses-guidel.fr\/index.php\/wp-json\/wp\/v2\/tags?post=4977"}],"curies":[{"name":"wp","href":"https:\/\/api.w.org\/{rel}","templated":true}]}}