{"id":5148,"date":"2025-10-06T10:06:16","date_gmt":"2025-10-06T08:06:16","guid":{"rendered":"https:\/\/paroisses-guidel.fr\/?p=5148"},"modified":"2025-10-06T10:14:57","modified_gmt":"2025-10-06T08:14:57","slug":"semaine-missionnaire-mondiale-2025","status":"publish","type":"post","link":"https:\/\/paroisses-guidel.fr\/index.php\/2025\/10\/06\/semaine-missionnaire-mondiale-2025\/","title":{"rendered":"Semaine Missionnaire Mondiale 2025"},"content":{"rendered":"\n<p><strong>Du 12 au 19 octobre 2025<\/strong>, la Semaine Missionnaire Mondiale appelle les catholiques \u00e0 la pri\u00e8re et au partage, pour soutenir la vie et la mission des \u00c9glises locales du monde. La qu\u00eate du Dimanche de la Mission est le point culminant de la Semaine Missionnaire Mondiale. Elle a \u00e9t\u00e9 instaur\u00e9e par le pape Pie XI en 1926. Elle est d\u00e9volue aux \u0152uvres Pontificales Missionnaires.<\/p>\n\n\n\n<div class=\"wp-block-group\"><div class=\"wp-block-group__inner-container is-layout-constrained wp-block-group-is-layout-constrained\">\n<h3 class=\"wp-block-heading has-text-align-center has-normal-font-size\"><strong>La pri\u00e8re pour la Semaine missionnaire 2025<\/strong><\/h3>\n\n\n\n<p class=\"has-text-align-center has-electric-grass-gradient-background has-background\">\u00d4 Christ, notre Esp\u00e9rance,<br>en cette ann\u00e9e de gr\u00e2ce jubilaire pour toute l\u2019\u00c9glise,<br>Tu nous appelles inlassablement<br>\u00e0 nous mettre en chemin sur tes pas.<br>Rends-nous disponibles pour r\u00e9pondre \u00e0 ton appel en tout lieu et toute circonstance.<\/p>\n\n\n\n<p class=\"has-text-align-center has-electric-grass-gradient-background has-background\">\u00d4 Christ, Consolateur,<br>Toi qui veilles sans cesse sur notre humanit\u00e9<br>et ne souhaites oublier personne,<br>donne-nous un esprit de service et de compassion.<br>Que l\u2019amour d\u00e9bordant de ton c\u0153ur nous rende proches<br>et attentionn\u00e9s pour nos fr\u00e8res et s\u0153urs, en particulier les<br>personnes isol\u00e9es, bless\u00e9es, fragilis\u00e9es, les minorit\u00e9s ethniques<br>et nos fr\u00e8res chr\u00e9tiens pers\u00e9cut\u00e9s dans de nombreux pays.<\/p>\n\n\n\n<p class=\"has-text-align-center has-electric-grass-gradient-background has-background\">\u00d4 Christ, Source d\u2019eau vive,<br>fais de nous des hommes et des femmes de pri\u00e8re<br>qui gardent allum\u00e9e l\u2019\u00e9tincelle de l&rsquo;esp\u00e9rance.<br>Donne-nous en particulier d\u2019accueillir et d\u2019accompagner<br>les cat\u00e9chum\u00e8nes dont la foi br\u00fblante<br>est une b\u00e9n\u00e9diction pour ton \u00c9glise.<\/p>\n\n\n\n<p class=\"has-text-align-center has-electric-grass-gradient-background has-background\">\u00d4 Christ, Fils bien-aim\u00e9 du P\u00e8re,<br>que nos communaut\u00e9s chr\u00e9tiennes puisent dans la gr\u00e2ce du Myst\u00e8re\u00a0Pascal et de tes Sacrements la force de l&rsquo;Esprit Saint pour devenir \u00e0 ta suite missionnaires de l&rsquo;esp\u00e9rance parmi les peuples.<\/p>\n\n\n\n<p class=\"has-text-align-center has-electric-grass-gradient-background has-background\">Amen<\/p>\n<\/div><\/div>\n","protected":false},"excerpt":{"rendered":"<p>Du 12 au 19 octobre 2025, la Semaine Missionnaire Mondiale appelle les catholiques \u00e0 la pri\u00e8re et au partage, pour soutenir la vie et la mission des \u00c9glises locales du monde. La qu\u00eate du Dimanche de la Mission est le point culminant de la Semaine Missionnaire Mondiale. Elle a \u00e9t\u00e9 instaur\u00e9e par le pape Pie<a class=\"more-link\" href=\"https:\/\/paroisses-guidel.fr\/index.php\/2025\/10\/06\/semaine-missionnaire-mondiale-2025\/\">Lire la suite <span class=\"screen-reader-text\">\u00ab\u00a0Semaine Missionnaire Mondiale 2025\u00a0\u00bb<\/span><\/a><\/p>\n","protected":false},"author":2,"featured_media":5149,"comment_status":"closed","ping_status":"","sticky":false,"template":"","format":"standard","meta":{"iawp_total_views":30,"footnotes":""},"categories":[4],"tags":[],"class_list":["post-5148","post","type-post","status-publish","format-standard","has-post-thumbnail","hentry","category-actualites","entry"],"_links":{"self":[{"href":"https:\/\/paroisses-guidel.fr\/index.php\/wp-json\/wp\/v2\/posts\/5148","targetHints":{"allow":["GET"]}}],"collection":[{"href":"https:\/\/paroisses-guidel.fr\/index.php\/wp-json\/wp\/v2\/posts"}],"about":[{"href":"https:\/\/paroisses-guidel.fr\/index.php\/wp-json\/wp\/v2\/types\/post"}],"author":[{"embeddable":true,"href":"https:\/\/paroisses-guidel.fr\/index.php\/wp-json\/wp\/v2\/users\/2"}],"replies":[{"embeddable":true,"href":"https:\/\/paroisses-guidel.fr\/index.php\/wp-json\/wp\/v2\/comments?post=5148"}],"version-history":[{"count":3,"href":"https:\/\/paroisses-guidel.fr\/index.php\/wp-json\/wp\/v2\/posts\/5148\/revisions"}],"predecessor-version":[{"id":5153,"href":"https:\/\/paroisses-guidel.fr\/index.php\/wp-json\/wp\/v2\/posts\/5148\/revisions\/5153"}],"wp:featuredmedia":[{"embeddable":true,"href":"https:\/\/paroisses-guidel.fr\/index.php\/wp-json\/wp\/v2\/media\/5149"}],"wp:attachment":[{"href":"https:\/\/paroisses-guidel.fr\/index.php\/wp-json\/wp\/v2\/media?parent=5148"}],"wp:term":[{"taxonomy":"category","embeddable":true,"href":"https:\/\/paroisses-guidel.fr\/index.php\/wp-json\/wp\/v2\/categories?post=5148"},{"taxonomy":"post_tag","embeddable":true,"href":"https:\/\/paroisses-guidel.fr\/index.php\/wp-json\/wp\/v2\/tags?post=5148"}],"curies":[{"name":"wp","href":"https:\/\/api.w.org\/{rel}","templated":true}]}}